{"id":7042,"date":"2026-01-20T09:00:00","date_gmt":"2026-01-20T07:00:00","guid":{"rendered":"https:\/\/one.luxaviation.com\/?p=7042"},"modified":"2026-01-12T09:35:59","modified_gmt":"2026-01-12T07:35:59","slug":"sara-chiarelli-joins-as-private-jets-director-italy","status":"publish","type":"post","link":"https:\/\/one.luxaviation.com\/fr\/sara-chiarelli-joins-as-private-jets-director-italy\/","title":{"rendered":"Sara Chiarelli Joins as Private Jets Director Italy."},"content":{"rendered":"<div data-elementor-type=\"wp-post\" data-elementor-id=\"7042\" class=\"elementor elementor-7042\" data-elementor-post-type=\"post\">\n\t\t\t\t<div class=\"elementor-element elementor-element-1347838 e-flex e-con-boxed e-con e-parent\" data-id=\"1347838\" data-element_type=\"container\" data-e-type=\"container\">\n\t\t\t\t\t<div class=\"e-con-inner\">\n\t\t\t\t<div class=\"elementor-element elementor-element-6fa80ad elementor-widget__width-initial elementor-widget-mobile__width-inherit elementor-widget elementor-widget-heading\" data-id=\"6fa80ad\" data-element_type=\"widget\" data-e-type=\"widget\" data-widget_type=\"heading.default\">\n\t\t\t\t<div class=\"elementor-widget-container\">\n\t\t\t\t\t<h2 class=\"elementor-heading-title elementor-size-default\">Sara Chiarelli Joins as Private Jets Director Italy<\/h2>\t\t\t\t<\/div>\n\t\t\t\t<\/div>\n\t\t<div class=\"elementor-element elementor-element-d0d5df5 e-con-full e-flex e-con e-child\" data-id=\"d0d5df5\" data-element_type=\"container\" data-e-type=\"container\">\n\t\t\t\t<div class=\"elementor-element elementor-element-866da07 elementor-widget__width-initial elementor-invisible elementor-widget elementor-widget-text-editor\" data-id=\"866da07\" data-element_type=\"widget\" data-e-type=\"widget\" data-settings=\"{&quot;_animation&quot;:&quot;fadeInUp&quot;}\" data-widget_type=\"text-editor.default\">\n\t\t\t\t<div class=\"elementor-widget-container\">\n\t\t\t\t\t\t\t\t\t<p>Based in Italy, Sara will spearhead the development of our Private Jets activity in this key market. She brings with her a wealth of industry expertise, deep insight into the Italian business aviation landscape, and a strong dedication to delivering exceptional client experiences.<\/p><p>In her role, Sara will play a pivotal part in enhancing our local presence and unlocking new opportunities, working in close collaboration with our global commercial and operational teams.<\/p><p>Please join us in extending a warm welcome to Sara as she embarks on this new chapter with us. We invite you to connect with her and explore opportunities to collaborate.<\/p>\t\t\t\t\t\t\t\t<\/div>\n\t\t\t\t<\/div>\n\t\t<div class=\"elementor-element elementor-element-e33d24c e-con-full e-flex elementor-invisible e-con e-child\" data-id=\"e33d24c\" data-element_type=\"container\" data-e-type=\"container\" data-settings=\"{&quot;animation&quot;:&quot;fadeInUp&quot;}\">\n\t\t\t\t<div class=\"elementor-element elementor-element-e5bc33f elementor-widget__width-inherit elementor-widget-mobile__width-inherit elementor-widget elementor-widget-heading\" data-id=\"e5bc33f\" data-element_type=\"widget\" data-e-type=\"widget\" data-settings=\"{&quot;_animation&quot;:&quot;none&quot;}\" data-widget_type=\"heading.default\">\n\t\t\t\t<div class=\"elementor-widget-container\">\n\t\t\t\t\t<h3 class=\"elementor-heading-title elementor-size-default\">L'\u00e9quipe de Luxaviation ONE passera de huit membres d'ici fin 2025 \u00e0 seize d'ici fin 2026, m\u00ealant des professionnels chevronn\u00e9s du Groupe \u00e0 de nouveaux sp\u00e9cialistes de l'industrie.<\/h3>\t\t\t\t<\/div>\n\t\t\t\t<\/div>\n\t\t\t\t<\/div>\n\t\t\t\t<\/div>\n\t\t\t\t\t<\/div>\n\t\t\t\t<\/div>\n\t\t<div class=\"elementor-element elementor-element-428cc4f e-flex e-con-boxed e-con e-parent\" data-id=\"428cc4f\" data-element_type=\"container\" data-e-type=\"container\">\n\t\t\t\t\t<div class=\"e-con-inner\">\n\t\t<div class=\"elementor-element elementor-element-54c77d2 e-con-full e-flex elementor-invisible e-con e-child\" data-id=\"54c77d2\" data-element_type=\"container\" data-e-type=\"container\" data-settings=\"{&quot;animation&quot;:&quot;fadeInUp&quot;}\">\n\t\t\t\t<div class=\"elementor-element elementor-element-04196c2 elementor-widget__width-inherit elementor-widget-mobile__width-inherit elementor-widget elementor-widget-heading\" data-id=\"04196c2\" data-element_type=\"widget\" data-e-type=\"widget\" data-settings=\"{&quot;_animation&quot;:&quot;none&quot;}\" data-widget_type=\"heading.default\">\n\t\t\t\t<div class=\"elementor-widget-container\">\n\t\t\t\t\t<h2 class=\"elementor-heading-title elementor-size-default\">\u00c0 propos du groupe Luxaviation <\/h2>\t\t\t\t<\/div>\n\t\t\t\t<\/div>\n\t\t\t\t<div class=\"elementor-element elementor-element-dcec181 elementor-widget__width-inherit elementor-invisible elementor-widget elementor-widget-text-editor\" data-id=\"dcec181\" data-element_type=\"widget\" data-e-type=\"widget\" data-settings=\"{&quot;_animation&quot;:&quot;fadeInUp&quot;}\" data-widget_type=\"text-editor.default\">\n\t\t\t\t<div class=\"elementor-widget-container\">\n\t\t\t\t\t\t\t\t\t<p>Depuis 1964, le groupe Luxaviation propose des voyages priv\u00e9s sur mesure \u00e0 une client\u00e8le internationale. Fond\u00e9 par Andr\u00e9 Ganshof van der Meersch, un entrepreneur, pilote et noble belge, notre histoire de soixante ans s'envole toujours fi\u00e8rement avec notre engagement \u00e0 cr\u00e9er l'excellence \u00e0 travers des exp\u00e9riences d'aviation priv\u00e9e visionnaires, pionni\u00e8res et innovantes.\u00a0<\/p><p>Luxaviation a son si\u00e8ge au Luxembourg, pays r\u00e9put\u00e9 pour sa riche histoire, son importance strat\u00e9gique et ses prouesses \u00e9conomiques en Europe. Le groupe est compos\u00e9 de marques d'aviation haut de gamme : Luxaviation, Starspeed et ExecuJet. Nos plus de 1300 employ\u00e9s travaillent 24 heures sur 24 sur les cinq continents, fournissant un service de qualit\u00e9 dans les domaines de la gestion d'avions priv\u00e9s et commerciaux, des services de charter a\u00e9rien priv\u00e9 et de la gestion d'un r\u00e9seau FBO de plus de 110 installations \u00e0 travers le monde.\u00a0<\/p><p>Toujours innovant, le groupe a su tirer parti de sa perspective mondiale, en portant la valeur de son fondateur dans sa transformation en premi\u00e8re entreprise mondiale de voyages de luxe. Gr\u00e2ce au d\u00e9veloppement de forfaits de voyage de luxe sur mesure, \u00e0 diverses entreprises et \u00e0 notre propre Acad\u00e9mie de formation au service \u00e0 la client\u00e8le de Luxaviation, nous avons l'honneur de faire \u00e9voluer notre marque en fonction de l'\u00e9volution constante du paysage du voyage de luxe.\u00a0<\/p><p>Luxaviation consid\u00e8re le d\u00e9veloppement durable comme une partie int\u00e9grante de sa strat\u00e9gie d'entreprise. L'entreprise int\u00e8gre le d\u00e9veloppement durable dans ses processus d\u00e9cisionnels, en traitant activement les questions sociales et environnementales et en cherchant continuellement \u00e0 am\u00e9liorer ses op\u00e9rations.\u00a0<\/p>\t\t\t\t\t\t\t\t<\/div>\n\t\t\t\t<\/div>\n\t\t\t\t<\/div>\n\t\t\t\t\t<\/div>\n\t\t\t\t<\/div>\n\t\t\t\t<\/div>","protected":false},"excerpt":{"rendered":"<p>We are delighted to welcome Sara as Private Jets Director Italy.<\/p>","protected":false},"author":9,"featured_media":7117,"comment_status":"closed","ping_status":"open","sticky":false,"template":"","format":"standard","meta":{"_acf_changed":false,"footnotes":"","_members_access_role":[],"_members_access_error":""},"categories":[1],"tags":[21],"class_list":["post-7042","post","type-post","status-publish","format-standard","has-post-thumbnail","hentry","category-uncategorized","tag-press-releases"],"acf":[],"yoast_head":"<!-- This site is optimized with the Yoast SEO plugin v28.3 - https:\/\/yoast.com\/product\/yoast-seo-wordpress\/ -->\n<title>Sara Chiarelli Joins as Private Jets Director Italy. - Luxaviation One<\/title>\n<meta name=\"description\" content=\"Based in Italy, Sara will spearhead the development of our Private Jets activity in this key market.\" \/>\n<meta name=\"robots\" content=\"index, follow, max-snippet:-1, max-image-preview:large, max-video-preview:-1\" \/>\n<link rel=\"canonical\" href=\"https:\/\/one.luxaviation.com\/fr\/sara-chiarelli-joins-as-private-jets-director-italy\/\" \/>\n<meta property=\"og:locale\" content=\"fr_FR\" \/>\n<meta property=\"og:type\" content=\"article\" \/>\n<meta property=\"og:title\" content=\"Sara Chiarelli Joins as Private Jets Director Italy. - Luxaviation One\" \/>\n<meta property=\"og:description\" content=\"Based in Italy, Sara will spearhead the development of our Private Jets activity in this key market.\" \/>\n<meta property=\"og:url\" content=\"https:\/\/one.luxaviation.com\/fr\/sara-chiarelli-joins-as-private-jets-director-italy\/\" \/>\n<meta property=\"og:site_name\" content=\"Luxaviation One\" \/>\n<meta property=\"article:published_time\" content=\"2026-01-20T07:00:00+00:00\" \/>\n<meta property=\"og:image\" content=\"https:\/\/one.luxaviation.com\/wp-content\/uploads\/2025\/11\/Sara.png\" \/>\n\t<meta property=\"og:image:width\" content=\"2001\" \/>\n\t<meta property=\"og:image:height\" content=\"1333\" \/>\n\t<meta property=\"og:image:type\" content=\"image\/png\" \/>\n<meta name=\"author\" content=\"Nicolas Saugnac\" \/>\n<meta name=\"twitter:card\" content=\"summary_large_image\" \/>\n<meta name=\"twitter:label1\" content=\"\u00c9crit par\" \/>\n\t<meta name=\"twitter:data1\" content=\"Nicolas Saugnac\" \/>\n\t<meta name=\"twitter:label2\" content=\"Dur\u00e9e de lecture estim\u00e9e\" \/>\n\t<meta name=\"twitter:data2\" content=\"2 minutes\" \/>\n<script type=\"application\/ld+json\" class=\"yoast-schema-graph\">{\"@context\":\"https:\\\/\\\/schema.org\",\"@graph\":[{\"@type\":\"Article\",\"@id\":\"https:\\\/\\\/one.luxaviation.com\\\/sara-chiarelli-joins-as-private-jets-director-italy\\\/#article\",\"isPartOf\":{\"@id\":\"https:\\\/\\\/one.luxaviation.com\\\/sara-chiarelli-joins-as-private-jets-director-italy\\\/\"},\"author\":{\"name\":\"Nicolas Saugnac\",\"@id\":\"https:\\\/\\\/one.luxaviation.com\\\/#\\\/schema\\\/person\\\/8d7b0e87da96266db39758120823cdb0\"},\"headline\":\"Sara Chiarelli Joins as Private Jets Director Italy.\",\"datePublished\":\"2026-01-20T07:00:00+00:00\",\"mainEntityOfPage\":{\"@id\":\"https:\\\/\\\/one.luxaviation.com\\\/sara-chiarelli-joins-as-private-jets-director-italy\\\/\"},\"wordCount\":370,\"publisher\":{\"@id\":\"https:\\\/\\\/one.luxaviation.com\\\/#organization\"},\"image\":{\"@id\":\"https:\\\/\\\/one.luxaviation.com\\\/sara-chiarelli-joins-as-private-jets-director-italy\\\/#primaryimage\"},\"thumbnailUrl\":\"https:\\\/\\\/one.luxaviation.com\\\/wp-content\\\/uploads\\\/2025\\\/11\\\/Sara.png\",\"keywords\":[\"Press Releases\"],\"articleSection\":[\"Uncategorized\"],\"inLanguage\":\"fr-FR\"},{\"@type\":\"WebPage\",\"@id\":\"https:\\\/\\\/one.luxaviation.com\\\/sara-chiarelli-joins-as-private-jets-director-italy\\\/\",\"url\":\"https:\\\/\\\/one.luxaviation.com\\\/sara-chiarelli-joins-as-private-jets-director-italy\\\/\",\"name\":\"Sara Chiarelli Joins as Private Jets Director Italy. - Luxaviation One\",\"isPartOf\":{\"@id\":\"https:\\\/\\\/one.luxaviation.com\\\/#website\"},\"primaryImageOfPage\":{\"@id\":\"https:\\\/\\\/one.luxaviation.com\\\/sara-chiarelli-joins-as-private-jets-director-italy\\\/#primaryimage\"},\"image\":{\"@id\":\"https:\\\/\\\/one.luxaviation.com\\\/sara-chiarelli-joins-as-private-jets-director-italy\\\/#primaryimage\"},\"thumbnailUrl\":\"https:\\\/\\\/one.luxaviation.com\\\/wp-content\\\/uploads\\\/2025\\\/11\\\/Sara.png\",\"datePublished\":\"2026-01-20T07:00:00+00:00\",\"description\":\"Based in Italy, Sara will spearhead the development of our Private Jets activity in this key market.\",\"breadcrumb\":{\"@id\":\"https:\\\/\\\/one.luxaviation.com\\\/sara-chiarelli-joins-as-private-jets-director-italy\\\/#breadcrumb\"},\"inLanguage\":\"fr-FR\",\"potentialAction\":[{\"@type\":\"ReadAction\",\"target\":[\"https:\\\/\\\/one.luxaviation.com\\\/sara-chiarelli-joins-as-private-jets-director-italy\\\/\"]}]},{\"@type\":\"ImageObject\",\"inLanguage\":\"fr-FR\",\"@id\":\"https:\\\/\\\/one.luxaviation.com\\\/sara-chiarelli-joins-as-private-jets-director-italy\\\/#primaryimage\",\"url\":\"https:\\\/\\\/one.luxaviation.com\\\/wp-content\\\/uploads\\\/2025\\\/11\\\/Sara.png\",\"contentUrl\":\"https:\\\/\\\/one.luxaviation.com\\\/wp-content\\\/uploads\\\/2025\\\/11\\\/Sara.png\",\"width\":2001,\"height\":1333},{\"@type\":\"BreadcrumbList\",\"@id\":\"https:\\\/\\\/one.luxaviation.com\\\/sara-chiarelli-joins-as-private-jets-director-italy\\\/#breadcrumb\",\"itemListElement\":[{\"@type\":\"ListItem\",\"position\":1,\"name\":\"Home\",\"item\":\"https:\\\/\\\/one.luxaviation.com\\\/\"},{\"@type\":\"ListItem\",\"position\":2,\"name\":\"Sara Chiarelli Joins as Private Jets Director Italy.\"}]},{\"@type\":\"WebSite\",\"@id\":\"https:\\\/\\\/one.luxaviation.com\\\/#website\",\"url\":\"https:\\\/\\\/one.luxaviation.com\\\/\",\"name\":\"Luxaviation One\",\"description\":\"\",\"publisher\":{\"@id\":\"https:\\\/\\\/one.luxaviation.com\\\/#organization\"},\"potentialAction\":[{\"@type\":\"SearchAction\",\"target\":{\"@type\":\"EntryPoint\",\"urlTemplate\":\"https:\\\/\\\/one.luxaviation.com\\\/?s={search_term_string}\"},\"query-input\":{\"@type\":\"PropertyValueSpecification\",\"valueRequired\":true,\"valueName\":\"search_term_string\"}}],\"inLanguage\":\"fr-FR\"},{\"@type\":\"Organization\",\"@id\":\"https:\\\/\\\/one.luxaviation.com\\\/#organization\",\"name\":\"Luxaviation One\",\"url\":\"https:\\\/\\\/one.luxaviation.com\\\/\",\"logo\":{\"@type\":\"ImageObject\",\"inLanguage\":\"fr-FR\",\"@id\":\"https:\\\/\\\/one.luxaviation.com\\\/#\\\/schema\\\/logo\\\/image\\\/\",\"url\":\"https:\\\/\\\/one.luxaviation.com\\\/wp-content\\\/uploads\\\/2025\\\/05\\\/LuxOne-Logo.svg\",\"contentUrl\":\"https:\\\/\\\/one.luxaviation.com\\\/wp-content\\\/uploads\\\/2025\\\/05\\\/LuxOne-Logo.svg\",\"width\":234,\"height\":48,\"caption\":\"Luxaviation One\"},\"image\":{\"@id\":\"https:\\\/\\\/one.luxaviation.com\\\/#\\\/schema\\\/logo\\\/image\\\/\"}},{\"@type\":\"Person\",\"@id\":\"https:\\\/\\\/one.luxaviation.com\\\/#\\\/schema\\\/person\\\/8d7b0e87da96266db39758120823cdb0\",\"name\":\"Nicolas Saugnac\",\"url\":\"https:\\\/\\\/one.luxaviation.com\\\/fr\\\/author\\\/nicolas\\\/\"}]}<\/script>\n<!-- \/ Yoast SEO plugin. -->","yoast_head_json":{"title":"Sara Chiarelli Joins as Private Jets Director Italy. - Luxaviation One","description":"Based in Italy, Sara will spearhead the development of our Private Jets activity in this key market.","robots":{"index":"index","follow":"follow","max-snippet":"max-snippet:-1","max-image-preview":"max-image-preview:large","max-video-preview":"max-video-preview:-1"},"canonical":"https:\/\/one.luxaviation.com\/fr\/sara-chiarelli-joins-as-private-jets-director-italy\/","og_locale":"fr_FR","og_type":"article","og_title":"Sara Chiarelli Joins as Private Jets Director Italy. - Luxaviation One","og_description":"Based in Italy, Sara will spearhead the development of our Private Jets activity in this key market.","og_url":"https:\/\/one.luxaviation.com\/fr\/sara-chiarelli-joins-as-private-jets-director-italy\/","og_site_name":"Luxaviation One","article_published_time":"2026-01-20T07:00:00+00:00","og_image":[{"width":2001,"height":1333,"url":"https:\/\/one.luxaviation.com\/wp-content\/uploads\/2025\/11\/Sara.png","type":"image\/png"}],"author":"Nicolas Saugnac","twitter_card":"summary_large_image","twitter_misc":{"\u00c9crit par":"Nicolas Saugnac","Dur\u00e9e de lecture estim\u00e9e":"2 minutes"},"schema":{"@context":"https:\/\/schema.org","@graph":[{"@type":"Article","@id":"https:\/\/one.luxaviation.com\/sara-chiarelli-joins-as-private-jets-director-italy\/#article","isPartOf":{"@id":"https:\/\/one.luxaviation.com\/sara-chiarelli-joins-as-private-jets-director-italy\/"},"author":{"name":"Nicolas Saugnac","@id":"https:\/\/one.luxaviation.com\/#\/schema\/person\/8d7b0e87da96266db39758120823cdb0"},"headline":"Sara Chiarelli Joins as Private Jets Director Italy.","datePublished":"2026-01-20T07:00:00+00:00","mainEntityOfPage":{"@id":"https:\/\/one.luxaviation.com\/sara-chiarelli-joins-as-private-jets-director-italy\/"},"wordCount":370,"publisher":{"@id":"https:\/\/one.luxaviation.com\/#organization"},"image":{"@id":"https:\/\/one.luxaviation.com\/sara-chiarelli-joins-as-private-jets-director-italy\/#primaryimage"},"thumbnailUrl":"https:\/\/one.luxaviation.com\/wp-content\/uploads\/2025\/11\/Sara.png","keywords":["Press Releases"],"articleSection":["Uncategorized"],"inLanguage":"fr-FR"},{"@type":"WebPage","@id":"https:\/\/one.luxaviation.com\/sara-chiarelli-joins-as-private-jets-director-italy\/","url":"https:\/\/one.luxaviation.com\/sara-chiarelli-joins-as-private-jets-director-italy\/","name":"Sara Chiarelli Joins as Private Jets Director Italy. - Luxaviation One","isPartOf":{"@id":"https:\/\/one.luxaviation.com\/#website"},"primaryImageOfPage":{"@id":"https:\/\/one.luxaviation.com\/sara-chiarelli-joins-as-private-jets-director-italy\/#primaryimage"},"image":{"@id":"https:\/\/one.luxaviation.com\/sara-chiarelli-joins-as-private-jets-director-italy\/#primaryimage"},"thumbnailUrl":"https:\/\/one.luxaviation.com\/wp-content\/uploads\/2025\/11\/Sara.png","datePublished":"2026-01-20T07:00:00+00:00","description":"Based in Italy, Sara will spearhead the development of our Private Jets activity in this key market.","breadcrumb":{"@id":"https:\/\/one.luxaviation.com\/sara-chiarelli-joins-as-private-jets-director-italy\/#breadcrumb"},"inLanguage":"fr-FR","potentialAction":[{"@type":"ReadAction","target":["https:\/\/one.luxaviation.com\/sara-chiarelli-joins-as-private-jets-director-italy\/"]}]},{"@type":"ImageObject","inLanguage":"fr-FR","@id":"https:\/\/one.luxaviation.com\/sara-chiarelli-joins-as-private-jets-director-italy\/#primaryimage","url":"https:\/\/one.luxaviation.com\/wp-content\/uploads\/2025\/11\/Sara.png","contentUrl":"https:\/\/one.luxaviation.com\/wp-content\/uploads\/2025\/11\/Sara.png","width":2001,"height":1333},{"@type":"BreadcrumbList","@id":"https:\/\/one.luxaviation.com\/sara-chiarelli-joins-as-private-jets-director-italy\/#breadcrumb","itemListElement":[{"@type":"ListItem","position":1,"name":"Home","item":"https:\/\/one.luxaviation.com\/"},{"@type":"ListItem","position":2,"name":"Sara Chiarelli Joins as Private Jets Director Italy."}]},{"@type":"WebSite","@id":"https:\/\/one.luxaviation.com\/#website","url":"https:\/\/one.luxaviation.com\/","name":"Luxaviation One","description":"","publisher":{"@id":"https:\/\/one.luxaviation.com\/#organization"},"potentialAction":[{"@type":"SearchAction","target":{"@type":"EntryPoint","urlTemplate":"https:\/\/one.luxaviation.com\/?s={search_term_string}"},"query-input":{"@type":"PropertyValueSpecification","valueRequired":true,"valueName":"search_term_string"}}],"inLanguage":"fr-FR"},{"@type":"Organization","@id":"https:\/\/one.luxaviation.com\/#organization","name":"Luxaviation One","url":"https:\/\/one.luxaviation.com\/","logo":{"@type":"ImageObject","inLanguage":"fr-FR","@id":"https:\/\/one.luxaviation.com\/#\/schema\/logo\/image\/","url":"https:\/\/one.luxaviation.com\/wp-content\/uploads\/2025\/05\/LuxOne-Logo.svg","contentUrl":"https:\/\/one.luxaviation.com\/wp-content\/uploads\/2025\/05\/LuxOne-Logo.svg","width":234,"height":48,"caption":"Luxaviation One"},"image":{"@id":"https:\/\/one.luxaviation.com\/#\/schema\/logo\/image\/"}},{"@type":"Person","@id":"https:\/\/one.luxaviation.com\/#\/schema\/person\/8d7b0e87da96266db39758120823cdb0","name":"Nicolas Saugnac","url":"https:\/\/one.luxaviation.com\/fr\/author\/nicolas\/"}]}},"_links":{"self":[{"href":"https:\/\/one.luxaviation.com\/fr\/wp-json\/wp\/v2\/posts\/7042","targetHints":{"allow":["GET"]}}],"collection":[{"href":"https:\/\/one.luxaviation.com\/fr\/wp-json\/wp\/v2\/posts"}],"about":[{"href":"https:\/\/one.luxaviation.com\/fr\/wp-json\/wp\/v2\/types\/post"}],"author":[{"embeddable":true,"href":"https:\/\/one.luxaviation.com\/fr\/wp-json\/wp\/v2\/users\/9"}],"replies":[{"embeddable":true,"href":"https:\/\/one.luxaviation.com\/fr\/wp-json\/wp\/v2\/comments?post=7042"}],"version-history":[{"count":2,"href":"https:\/\/one.luxaviation.com\/fr\/wp-json\/wp\/v2\/posts\/7042\/revisions"}],"predecessor-version":[{"id":7126,"href":"https:\/\/one.luxaviation.com\/fr\/wp-json\/wp\/v2\/posts\/7042\/revisions\/7126"}],"wp:featuredmedia":[{"embeddable":true,"href":"https:\/\/one.luxaviation.com\/fr\/wp-json\/wp\/v2\/media\/7117"}],"wp:attachment":[{"href":"https:\/\/one.luxaviation.com\/fr\/wp-json\/wp\/v2\/media?parent=7042"}],"wp:term":[{"taxonomy":"category","embeddable":true,"href":"https:\/\/one.luxaviation.com\/fr\/wp-json\/wp\/v2\/categories?post=7042"},{"taxonomy":"post_tag","embeddable":true,"href":"https:\/\/one.luxaviation.com\/fr\/wp-json\/wp\/v2\/tags?post=7042"}],"curies":[{"name":"wp","href":"https:\/\/api.w.org\/{rel}","templated":true}]}}